{"id":371,"date":"2023-01-26T08:39:37","date_gmt":"2023-01-26T07:39:37","guid":{"rendered":"http:\/\/www.betons-et-materiaux.lu\/?p=371"},"modified":"2023-01-26T09:56:49","modified_gmt":"2023-01-26T08:56:49","slug":"photos-recues","status":"publish","type":"post","link":"https:\/\/www.betons-et-materiaux.lu\/?p=371&lang=fr","title":{"rendered":"Photos re\u00e7ues"},"content":{"rendered":"<p>Nous vous encourageons \u00e0 nous envoyer des photos de votre m\u00e9tier chez nous ! Nous nous ferons un plaisir de partager vos contributions aussi souvent que possible.<\/p>\n<p>Un grand merci \u00e0 ROSARIO Hugo pour ces belles photos<\/p>\n\n\t\t<style type=\"text\/css\">\n\t\t\t#gallery-1 {\n\t\t\t\tmargin: auto;\n\t\t\t}\n\t\t\t#gallery-1 .gallery-item {\n\t\t\t\tfloat: left;\n\t\t\t\tmargin-top: 10px;\n\t\t\t\ttext-align: center;\n\t\t\t\twidth: 50%;\n\t\t\t}\n\t\t\t#gallery-1 img {\n\t\t\t\tborder: 2px solid #cfcfcf;\n\t\t\t}\n\t\t\t#gallery-1 .gallery-caption {\n\t\t\t\tmargin-left: 0;\n\t\t\t}\n\t\t\t\/* see gallery_shortcode() in wp-includes\/media.php *\/\n\t\t<\/style>\n\t\t<div id='gallery-1' class='gallery galleryid-371 gallery-columns-2 gallery-size-thumbnail'><dl class='gallery-item'>\n\t\t\t<dt class='gallery-icon landscape'>\n\t\t\t\t<a href='https:\/\/www.betons-et-materiaux.lu\/?attachment_id=378'><img width=\"150\" height=\"150\" src=\"https:\/\/www.betons-et-materiaux.lu\/wp-content\/uploads\/2018\/04\/photo-envoy\u00e9-camions1-150x150.jpg\" class=\"attachment-thumbnail size-thumbnail\" alt=\"\" decoding=\"async\" loading=\"lazy\" aria-describedby=\"gallery-1-378\" srcset=\"https:\/\/www.betons-et-materiaux.lu\/wp-content\/uploads\/2018\/04\/photo-envoy\u00e9-camions1-150x150.jpg 150w, https:\/\/www.betons-et-materiaux.lu\/wp-content\/uploads\/2018\/04\/photo-envoy\u00e9-camions1-60x60.jpg 60w, https:\/\/www.betons-et-materiaux.lu\/wp-content\/uploads\/2018\/04\/photo-envoy\u00e9-camions1-50x50.jpg 50w, https:\/\/www.betons-et-materiaux.lu\/wp-content\/uploads\/2018\/04\/photo-envoy\u00e9-camions1-100x100.jpg 100w\" sizes=\"(max-width: 150px) 100vw, 150px\" \/><\/a>\n\t\t\t<\/dt>\n\t\t\t\t<dd class='wp-caption-text gallery-caption' id='gallery-1-378'>\n\t\t\t\tLev\u00e9 de soleil sur les camions &#8211; Photo par ROSARIO Hugo\n\t\t\t\t<\/dd><\/dl><dl class='gallery-item'>\n\t\t\t<dt class='gallery-icon landscape'>\n\t\t\t\t<a href='https:\/\/www.betons-et-materiaux.lu\/?attachment_id=379'><img width=\"150\" height=\"150\" src=\"https:\/\/www.betons-et-materiaux.lu\/wp-content\/uploads\/2018\/04\/photo-envoy\u00e9-vue-aerienne1-150x150.jpg\" class=\"attachment-thumbnail size-thumbnail\" alt=\"\" decoding=\"async\" loading=\"lazy\" aria-describedby=\"gallery-1-379\" srcset=\"https:\/\/www.betons-et-materiaux.lu\/wp-content\/uploads\/2018\/04\/photo-envoy\u00e9-vue-aerienne1-150x150.jpg 150w, https:\/\/www.betons-et-materiaux.lu\/wp-content\/uploads\/2018\/04\/photo-envoy\u00e9-vue-aerienne1-60x60.jpg 60w, https:\/\/www.betons-et-materiaux.lu\/wp-content\/uploads\/2018\/04\/photo-envoy\u00e9-vue-aerienne1-50x50.jpg 50w, https:\/\/www.betons-et-materiaux.lu\/wp-content\/uploads\/2018\/04\/photo-envoy\u00e9-vue-aerienne1-100x100.jpg 100w\" sizes=\"(max-width: 150px) 100vw, 150px\" \/><\/a>\n\t\t\t<\/dt>\n\t\t\t\t<dd class='wp-caption-text gallery-caption' id='gallery-1-379'>\n\t\t\t\tLev\u00e9 de soleil sur la centrale &#8211; Photo par ROSARIO Hugo\n\t\t\t\t<\/dd><\/dl><br style=\"clear: both\" \/><dl class='gallery-item'>\n\t\t\t<dt class='gallery-icon landscape'>\n\t\t\t\t<a href='https:\/\/www.betons-et-materiaux.lu\/?attachment_id=376'><img width=\"150\" height=\"150\" src=\"https:\/\/www.betons-et-materiaux.lu\/wp-content\/uploads\/2018\/04\/photo-envoy\u00e9-arc-en-ciel1-150x150.jpg\" class=\"attachment-thumbnail size-thumbnail\" alt=\"\" decoding=\"async\" loading=\"lazy\" aria-describedby=\"gallery-1-376\" srcset=\"https:\/\/www.betons-et-materiaux.lu\/wp-content\/uploads\/2018\/04\/photo-envoy\u00e9-arc-en-ciel1-150x150.jpg 150w, https:\/\/www.betons-et-materiaux.lu\/wp-content\/uploads\/2018\/04\/photo-envoy\u00e9-arc-en-ciel1-60x60.jpg 60w, https:\/\/www.betons-et-materiaux.lu\/wp-content\/uploads\/2018\/04\/photo-envoy\u00e9-arc-en-ciel1-50x50.jpg 50w, https:\/\/www.betons-et-materiaux.lu\/wp-content\/uploads\/2018\/04\/photo-envoy\u00e9-arc-en-ciel1-100x100.jpg 100w\" sizes=\"(max-width: 150px) 100vw, 150px\" \/><\/a>\n\t\t\t<\/dt>\n\t\t\t\t<dd class='wp-caption-text gallery-caption' id='gallery-1-376'>\n\t\t\t\tArc en ciel sur la centrale &#8211; Photo par ROSARIO Hugo\n\t\t\t\t<\/dd><\/dl><dl class='gallery-item'>\n\t\t\t<dt class='gallery-icon portrait'>\n\t\t\t\t<a href='https:\/\/www.betons-et-materiaux.lu\/?attachment_id=377'><img width=\"150\" height=\"150\" src=\"https:\/\/www.betons-et-materiaux.lu\/wp-content\/uploads\/2018\/04\/photo-envoy\u00e9-calion1-150x150.jpg\" class=\"attachment-thumbnail size-thumbnail\" alt=\"\" decoding=\"async\" loading=\"lazy\" aria-describedby=\"gallery-1-377\" srcset=\"https:\/\/www.betons-et-materiaux.lu\/wp-content\/uploads\/2018\/04\/photo-envoy\u00e9-calion1-150x150.jpg 150w, https:\/\/www.betons-et-materiaux.lu\/wp-content\/uploads\/2018\/04\/photo-envoy\u00e9-calion1-60x60.jpg 60w, https:\/\/www.betons-et-materiaux.lu\/wp-content\/uploads\/2018\/04\/photo-envoy\u00e9-calion1-50x50.jpg 50w, https:\/\/www.betons-et-materiaux.lu\/wp-content\/uploads\/2018\/04\/photo-envoy\u00e9-calion1-100x100.jpg 100w\" sizes=\"(max-width: 150px) 100vw, 150px\" \/><\/a>\n\t\t\t<\/dt>\n\t\t\t\t<dd class='wp-caption-text gallery-caption' id='gallery-1-377'>\n\t\t\t\tCamions &#8211; Photo par ROSARIO Hugo\n\t\t\t\t<\/dd><\/dl><br style=\"clear: both\" \/>\n\t\t<\/div>\n\n","protected":false},"excerpt":{"rendered":"<p>Nous vous encourageons \u00e0 nous envoyer des photos de votre m\u00e9tier chez nous ! Nous nous ferons un plaisir de partager vos contributions aussi souvent que possible. Un grand merci \u00e0 ROSARIO Hugo pour ces belles photos<\/p>\n","protected":false},"author":2,"featured_media":0,"comment_status":"closed","ping_status":"closed","sticky":false,"template":"","format":"standard","meta":[],"categories":[1],"tags":[],"_links":{"self":[{"href":"https:\/\/www.betons-et-materiaux.lu\/index.php?rest_route=\/wp\/v2\/posts\/371"}],"collection":[{"href":"https:\/\/www.betons-et-materiaux.lu\/index.php?rest_route=\/wp\/v2\/posts"}],"about":[{"href":"https:\/\/www.betons-et-materiaux.lu\/index.php?rest_route=\/wp\/v2\/types\/post"}],"author":[{"embeddable":true,"href":"https:\/\/www.betons-et-materiaux.lu\/index.php?rest_route=\/wp\/v2\/users\/2"}],"replies":[{"embeddable":true,"href":"https:\/\/www.betons-et-materiaux.lu\/index.php?rest_route=%2Fwp%2Fv2%2Fcomments&post=371"}],"version-history":[{"count":3,"href":"https:\/\/www.betons-et-materiaux.lu\/index.php?rest_route=\/wp\/v2\/posts\/371\/revisions"}],"predecessor-version":[{"id":469,"href":"https:\/\/www.betons-et-materiaux.lu\/index.php?rest_route=\/wp\/v2\/posts\/371\/revisions\/469"}],"wp:attachment":[{"href":"https:\/\/www.betons-et-materiaux.lu\/index.php?rest_route=%2Fwp%2Fv2%2Fmedia&parent=371"}],"wp:term":[{"taxonomy":"category","embeddable":true,"href":"https:\/\/www.betons-et-materiaux.lu\/index.php?rest_route=%2Fwp%2Fv2%2Fcategories&post=371"},{"taxonomy":"post_tag","embeddable":true,"href":"https:\/\/www.betons-et-materiaux.lu\/index.php?rest_route=%2Fwp%2Fv2%2Ftags&post=371"}],"curies":[{"name":"wp","href":"https:\/\/api.w.org\/{rel}","templated":true}]}}