{"id":521,"date":"2023-07-12T08:39:49","date_gmt":"2023-07-12T06:39:49","guid":{"rendered":"https:\/\/www.betons-et-materiaux.lu\/?p=521"},"modified":"2023-07-18T08:46:58","modified_gmt":"2023-07-18T06:46:58","slug":"conges-dete-2023","status":"publish","type":"post","link":"https:\/\/www.betons-et-materiaux.lu\/?p=521&lang=fr","title":{"rendered":"Cong\u00e9s d&rsquo;\u00e9t\u00e9 2023"},"content":{"rendered":"\n<p class=\"has-text-align-left\">Durant le cong\u00e9 collectif d\u2019\u00e9t\u00e9 nos centrales \u00e0 b\u00e9ton et notre centre de concassage seront ferm\u00e9s du vendredi 28 juillet 2023 jusqu\u2019au vendredi 18 ao\u00fbt 2023 inclus.<\/p>\n\n\n\n<p class=\"has-text-align-left\"><br>La <strong>livraison<\/strong> de b\u00e9ton ainsi que les activit\u00e9s de concassage seront <strong>assur\u00e9es<\/strong> jusqu\u2019au jeudi <strong>27 juillet 2023<\/strong> <strong>\u00e0 12h00<\/strong>. Nous reprenons nos activit\u00e9s le lundi 21 ao\u00fbt 2023 \u00e0 partir de 08h00.<\/p>\n\n\n\n<p class=\"has-text-align-left\"><br>Pour nos factures \u00e9mises durant la semaine qui pr\u00e9c\u00e8de les cong\u00e9s, c\u2019est-\u00e0-dire durant la semaine du 24 juillet, les d\u00e9lais relatifs aux escomptes seront report\u00e9s apr\u00e8s les cong\u00e9s.<\/p>\n\n\n\n<p class=\"has-text-align-left\"><br>L\u2019entreprise B\u00e9tons et Mat\u00e9riaux vous souhaite d\u2019ores et d\u00e9j\u00e0 de passer de bonnes vacances !<\/p>\n","protected":false},"excerpt":{"rendered":"<p>Durant le cong\u00e9 collectif d\u2019\u00e9t\u00e9 nos centrales \u00e0 b\u00e9ton et notre centre de concassage seront ferm\u00e9s du vendredi 28 juillet 2023 jusqu\u2019au vendredi 18 ao\u00fbt 2023 inclus. La livraison de b\u00e9ton ainsi que les activit\u00e9s de concassage seront assur\u00e9es jusqu\u2019au jeudi 27 juillet 2023 \u00e0 12h00. Nous reprenons nos activit\u00e9s le lundi 21 ao\u00fbt 2023 [&hellip;]<\/p>\n","protected":false},"author":3,"featured_media":524,"comment_status":"closed","ping_status":"closed","sticky":false,"template":"","format":"standard","meta":[],"categories":[1],"tags":[],"_links":{"self":[{"href":"https:\/\/www.betons-et-materiaux.lu\/index.php?rest_route=\/wp\/v2\/posts\/521"}],"collection":[{"href":"https:\/\/www.betons-et-materiaux.lu\/index.php?rest_route=\/wp\/v2\/posts"}],"about":[{"href":"https:\/\/www.betons-et-materiaux.lu\/index.php?rest_route=\/wp\/v2\/types\/post"}],"author":[{"embeddable":true,"href":"https:\/\/www.betons-et-materiaux.lu\/index.php?rest_route=\/wp\/v2\/users\/3"}],"replies":[{"embeddable":true,"href":"https:\/\/www.betons-et-materiaux.lu\/index.php?rest_route=%2Fwp%2Fv2%2Fcomments&post=521"}],"version-history":[{"count":1,"href":"https:\/\/www.betons-et-materiaux.lu\/index.php?rest_route=\/wp\/v2\/posts\/521\/revisions"}],"predecessor-version":[{"id":523,"href":"https:\/\/www.betons-et-materiaux.lu\/index.php?rest_route=\/wp\/v2\/posts\/521\/revisions\/523"}],"wp:featuredmedia":[{"embeddable":true,"href":"https:\/\/www.betons-et-materiaux.lu\/index.php?rest_route=\/wp\/v2\/media\/524"}],"wp:attachment":[{"href":"https:\/\/www.betons-et-materiaux.lu\/index.php?rest_route=%2Fwp%2Fv2%2Fmedia&parent=521"}],"wp:term":[{"taxonomy":"category","embeddable":true,"href":"https:\/\/www.betons-et-materiaux.lu\/index.php?rest_route=%2Fwp%2Fv2%2Fcategories&post=521"},{"taxonomy":"post_tag","embeddable":true,"href":"https:\/\/www.betons-et-materiaux.lu\/index.php?rest_route=%2Fwp%2Fv2%2Ftags&post=521"}],"curies":[{"name":"wp","href":"https:\/\/api.w.org\/{rel}","templated":true}]}}